{"id":3853,"date":"2025-09-03T09:00:27","date_gmt":"2025-09-03T07:00:27","guid":{"rendered":"https:\/\/www.nection.eu\/nection-latisana-nouvelle-ouverture\/"},"modified":"2025-09-03T09:00:27","modified_gmt":"2025-09-03T07:00:27","slug":"nection-latisana-nouvelle-ouverture","status":"publish","type":"post","link":"https:\/\/www.nection.eu\/fr\/nection-latisana-nouvelle-ouverture\/","title":{"rendered":"Nection Latisana, nouvelle ouverture"},"content":{"rendered":"<p><strong>Nection Latisana <\/strong>est une nouvelle aire de stationnement s\u00e9curis\u00e9e pour poids lourds (SSTPA) situ\u00e9e dans une zone industrielle strat\u00e9gique du nord-est de l&rsquo;Italie. Le projet fait partie d&rsquo;un r\u00e9seau europ\u00e9en d&rsquo;aires de stationnement s\u00e9curis\u00e9es et confortables pour le transport international, actuellement en cours de d\u00e9veloppement. Il est certifi\u00e9 Gold, conform\u00e9ment aux normes europ\u00e9ennes de qualit\u00e9 et de s\u00e9curit\u00e9 pour les aires de stationnement s\u00e9curis\u00e9es.  <\/p>\n<p>Dans le cadre du projet CEF \u2013 D\u00e9veloppement d&rsquo;un parking s\u00e9curis\u00e9 pour camions \u00e0 Latisana, un nouveau parking s\u00e9curis\u00e9 pour camions (SSTPA) a \u00e9t\u00e9 construit \u00e0 Ronchis (Latisana), en Italie, strat\u00e9giquement situ\u00e9 sur les corridors RTE-T de la M\u00e9diterran\u00e9e et de la Baltique-Adriatique, le long de l&rsquo;autoroute A4, pr\u00e8s de Palmanova, un n\u0153ud logistique cl\u00e9 qui relie le nord-est de l&rsquo;Italie \u00e0 la Slov\u00e9nie et aux Balkans.<\/p>\n<p>NECTION Latisana offre 301 places de stationnement pour poids lourds, ainsi que des installations modernes de service et utilitaires con\u00e7ues pour am\u00e9liorer le bien-\u00eatre des conducteurs et la fiabilit\u00e9 op\u00e9rationnelle.<\/p>\n<p>NECTION Latisana a pass\u00e9 avec succ\u00e8s l&rsquo;audit officiel et r\u00e9pond aux exigences de l&rsquo;UE pour la certification SSTPA de niveau Or, conform\u00e9ment au r\u00e8glement d\u00e9l\u00e9gu\u00e9 (UE) 2022\/1012 de la Commission.<\/p>\n<p>En s&rsquo;attaquant \u00e0 la p\u00e9nurie actuelle de parkings s\u00e9curis\u00e9s pour les camions dans la r\u00e9gion du Frioul-V\u00e9n\u00e9tie Julienne, ce projet contribue \u00e0 am\u00e9liorer la s\u00e9curit\u00e9 routi\u00e8re, \u00e0 r\u00e9duire les embouteillages et \u00e0 renforcer la r\u00e9silience du syst\u00e8me de transport de marchandises.<\/p>\n<p>Cette initiative s&rsquo;inscrit dans la premi\u00e8re phase d&rsquo;un projet mondial visant \u00e0 d\u00e9velopper un r\u00e9seau paneurop\u00e9en de 48 SSTPA certifi\u00e9es en Italie, en Slov\u00e9nie, en Espagne, en France et aux Pays-Bas, afin de favoriser un cadre de mobilit\u00e9 europ\u00e9en plus s\u00fbr et plus efficace.<\/p>\n","protected":false},"excerpt":{"rendered":"<p>Nection Latisana est une nouvelle aire de stationnement s\u00e9curis\u00e9e pour poids lourds (SSTPA) situ\u00e9e dans une zone industrielle strat\u00e9gique du nord-est de l&rsquo;Italie. Le projet fait partie d&rsquo;un r\u00e9seau europ\u00e9en d&rsquo;aires de stationnement s\u00e9curis\u00e9es et confortables pour le transport international, actuellement en cours de d\u00e9veloppement. Il est certifi\u00e9 Gold, conform\u00e9ment aux normes europ\u00e9ennes de qualit\u00e9<a class=\"more-link\" href=\"https:\/\/www.nection.eu\/fr\/nection-latisana-nouvelle-ouverture\/\">Continue reading <span class=\"screen-reader-text\">\u00ab\u00a0Nection Latisana, nouvelle ouverture\u00a0\u00bb<\/span><\/a><\/p>\n","protected":false},"author":6,"featured_media":3563,"comment_status":"open","ping_status":"closed","sticky":false,"template":"","format":"standard","meta":{"_acf_changed":false,"footnotes":""},"categories":[64],"tags":[],"class_list":["post-3853","post","type-post","status-publish","format-standard","has-post-thumbnail","hentry","category-nouvelles-ouvertures","entry"],"acf":[],"yoast_head":"<!-- This site is optimized with the Yoast SEO plugin v26.9 - https:\/\/yoast.com\/product\/yoast-seo-wordpress\/ -->\n<title>Nection Latisana, nouvelle ouverture | Nection<\/title>\n<meta name=\"robots\" content=\"index, follow, max-snippet:-1, max-image-preview:large, max-video-preview:-1\" \/>\n<link rel=\"canonical\" href=\"https:\/\/www.nection.eu\/fr\/nection-latisana-nouvelle-ouverture\/\" \/>\n<meta property=\"og:locale\" content=\"fr_FR\" \/>\n<meta property=\"og:type\" content=\"article\" \/>\n<meta property=\"og:title\" content=\"Nection Latisana, nouvelle ouverture | Nection\" \/>\n<meta property=\"og:description\" content=\"Nection Latisana est une nouvelle aire de stationnement s\u00e9curis\u00e9e pour poids lourds (SSTPA) situ\u00e9e dans une zone industrielle strat\u00e9gique du nord-est de l&rsquo;Italie. Le projet fait partie d&rsquo;un r\u00e9seau europ\u00e9en d&rsquo;aires de stationnement s\u00e9curis\u00e9es et confortables pour le transport international, actuellement en cours de d\u00e9veloppement. Il est certifi\u00e9 Gold, conform\u00e9ment aux normes europ\u00e9ennes de qualit\u00e9Continue reading &quot;Nection Latisana, nouvelle ouverture&quot;\" \/>\n<meta property=\"og:url\" content=\"https:\/\/www.nection.eu\/fr\/nection-latisana-nouvelle-ouverture\/\" \/>\n<meta property=\"og:site_name\" content=\"Nection\" \/>\n<meta property=\"article:published_time\" content=\"2025-09-03T07:00:27+00:00\" \/>\n<meta property=\"og:image\" content=\"https:\/\/www.nection.eu\/wp-content\/uploads\/2025\/10\/WhatsApp-Image-2025-10-16-at-09.45.11.jpeg\" \/>\n\t<meta property=\"og:image:width\" content=\"1600\" \/>\n\t<meta property=\"og:image:height\" content=\"1200\" \/>\n\t<meta property=\"og:image:type\" content=\"image\/jpeg\" \/>\n<meta name=\"author\" content=\"Blanca Padrosa\" \/>\n<meta name=\"twitter:card\" content=\"summary_large_image\" \/>\n<meta name=\"twitter:label1\" content=\"\u00c9crit par\" \/>\n\t<meta name=\"twitter:data1\" content=\"Blanca Padrosa\" \/>\n\t<meta name=\"twitter:label2\" content=\"Dur\u00e9e de lecture estim\u00e9e\" \/>\n\t<meta name=\"twitter:data2\" content=\"2 minutes\" \/>\n<script type=\"application\/ld+json\" class=\"yoast-schema-graph\">{\"@context\":\"https:\/\/schema.org\",\"@graph\":[{\"@type\":\"Article\",\"@id\":\"https:\/\/www.nection.eu\/fr\/nection-latisana-nouvelle-ouverture\/#article\",\"isPartOf\":{\"@id\":\"https:\/\/www.nection.eu\/fr\/nection-latisana-nouvelle-ouverture\/\"},\"author\":{\"name\":\"Blanca Padrosa\",\"@id\":\"https:\/\/www.nection.eu\/fr\/#\/schema\/person\/f5020b265d5d39904f408200688370b4\"},\"headline\":\"Nection Latisana, nouvelle ouverture\",\"datePublished\":\"2025-09-03T07:00:27+00:00\",\"mainEntityOfPage\":{\"@id\":\"https:\/\/www.nection.eu\/fr\/nection-latisana-nouvelle-ouverture\/\"},\"wordCount\":332,\"commentCount\":0,\"publisher\":{\"@id\":\"https:\/\/www.nection.eu\/fr\/#organization\"},\"image\":{\"@id\":\"https:\/\/www.nection.eu\/fr\/nection-latisana-nouvelle-ouverture\/#primaryimage\"},\"thumbnailUrl\":\"https:\/\/www.nection.eu\/wp-content\/uploads\/2025\/10\/WhatsApp-Image-2025-10-16-at-09.45.11.jpeg\",\"articleSection\":[\"Nouvelles ouvertures\"],\"inLanguage\":\"fr-FR\",\"potentialAction\":[{\"@type\":\"CommentAction\",\"name\":\"Comment\",\"target\":[\"https:\/\/www.nection.eu\/fr\/nection-latisana-nouvelle-ouverture\/#respond\"]}]},{\"@type\":\"WebPage\",\"@id\":\"https:\/\/www.nection.eu\/fr\/nection-latisana-nouvelle-ouverture\/\",\"url\":\"https:\/\/www.nection.eu\/fr\/nection-latisana-nouvelle-ouverture\/\",\"name\":\"Nection Latisana, nouvelle ouverture | Nection\",\"isPartOf\":{\"@id\":\"https:\/\/www.nection.eu\/fr\/#website\"},\"primaryImageOfPage\":{\"@id\":\"https:\/\/www.nection.eu\/fr\/nection-latisana-nouvelle-ouverture\/#primaryimage\"},\"image\":{\"@id\":\"https:\/\/www.nection.eu\/fr\/nection-latisana-nouvelle-ouverture\/#primaryimage\"},\"thumbnailUrl\":\"https:\/\/www.nection.eu\/wp-content\/uploads\/2025\/10\/WhatsApp-Image-2025-10-16-at-09.45.11.jpeg\",\"datePublished\":\"2025-09-03T07:00:27+00:00\",\"breadcrumb\":{\"@id\":\"https:\/\/www.nection.eu\/fr\/nection-latisana-nouvelle-ouverture\/#breadcrumb\"},\"inLanguage\":\"fr-FR\",\"potentialAction\":[{\"@type\":\"ReadAction\",\"target\":[\"https:\/\/www.nection.eu\/fr\/nection-latisana-nouvelle-ouverture\/\"]}]},{\"@type\":\"ImageObject\",\"inLanguage\":\"fr-FR\",\"@id\":\"https:\/\/www.nection.eu\/fr\/nection-latisana-nouvelle-ouverture\/#primaryimage\",\"url\":\"https:\/\/www.nection.eu\/wp-content\/uploads\/2025\/10\/WhatsApp-Image-2025-10-16-at-09.45.11.jpeg\",\"contentUrl\":\"https:\/\/www.nection.eu\/wp-content\/uploads\/2025\/10\/WhatsApp-Image-2025-10-16-at-09.45.11.jpeg\",\"width\":1600,\"height\":1200,\"caption\":\"nection Latisana\"},{\"@type\":\"BreadcrumbList\",\"@id\":\"https:\/\/www.nection.eu\/fr\/nection-latisana-nouvelle-ouverture\/#breadcrumb\",\"itemListElement\":[{\"@type\":\"ListItem\",\"position\":1,\"name\":\"Portada\",\"item\":\"https:\/\/www.nection.eu\/fr\/home\/\"},{\"@type\":\"ListItem\",\"position\":2,\"name\":\"Nection Latisana, nouvelle ouverture\"}]},{\"@type\":\"WebSite\",\"@id\":\"https:\/\/www.nection.eu\/fr\/#website\",\"url\":\"https:\/\/www.nection.eu\/fr\/\",\"name\":\"Nection\",\"description\":\"Espacios seguros para un transporte eficiente\",\"publisher\":{\"@id\":\"https:\/\/www.nection.eu\/fr\/#organization\"},\"potentialAction\":[{\"@type\":\"SearchAction\",\"target\":{\"@type\":\"EntryPoint\",\"urlTemplate\":\"https:\/\/www.nection.eu\/fr\/?s={search_term_string}\"},\"query-input\":{\"@type\":\"PropertyValueSpecification\",\"valueRequired\":true,\"valueName\":\"search_term_string\"}}],\"inLanguage\":\"fr-FR\"},{\"@type\":\"Organization\",\"@id\":\"https:\/\/www.nection.eu\/fr\/#organization\",\"name\":\"Nection\",\"alternateName\":\"Nection\",\"url\":\"https:\/\/www.nection.eu\/fr\/\",\"logo\":{\"@type\":\"ImageObject\",\"inLanguage\":\"fr-FR\",\"@id\":\"https:\/\/www.nection.eu\/fr\/#\/schema\/logo\/image\/\",\"url\":\"https:\/\/www.nection.eu\/wp-content\/uploads\/2025\/05\/nection_favicon_2.png\",\"contentUrl\":\"https:\/\/www.nection.eu\/wp-content\/uploads\/2025\/05\/nection_favicon_2.png\",\"width\":512,\"height\":512,\"caption\":\"Nection\"},\"image\":{\"@id\":\"https:\/\/www.nection.eu\/fr\/#\/schema\/logo\/image\/\"}},{\"@type\":\"Person\",\"@id\":\"https:\/\/www.nection.eu\/fr\/#\/schema\/person\/f5020b265d5d39904f408200688370b4\",\"name\":\"Blanca Padrosa\",\"image\":{\"@type\":\"ImageObject\",\"inLanguage\":\"fr-FR\",\"@id\":\"https:\/\/www.nection.eu\/fr\/#\/schema\/person\/image\/\",\"url\":\"https:\/\/secure.gravatar.com\/avatar\/71f14483c9aedc91858bbed4e1aff0f6f656a03f004467f5c8546748bb99470f?s=96&d=mm&r=g\",\"contentUrl\":\"https:\/\/secure.gravatar.com\/avatar\/71f14483c9aedc91858bbed4e1aff0f6f656a03f004467f5c8546748bb99470f?s=96&d=mm&r=g\",\"caption\":\"Blanca Padrosa\"},\"sameAs\":[\"https:\/\/www.nection.eu\/\"]}]}<\/script>\n<!-- \/ Yoast SEO plugin. -->","yoast_head_json":{"title":"Nection Latisana, nouvelle ouverture | Nection","robots":{"index":"index","follow":"follow","max-snippet":"max-snippet:-1","max-image-preview":"max-image-preview:large","max-video-preview":"max-video-preview:-1"},"canonical":"https:\/\/www.nection.eu\/fr\/nection-latisana-nouvelle-ouverture\/","og_locale":"fr_FR","og_type":"article","og_title":"Nection Latisana, nouvelle ouverture | Nection","og_description":"Nection Latisana est une nouvelle aire de stationnement s\u00e9curis\u00e9e pour poids lourds (SSTPA) situ\u00e9e dans une zone industrielle strat\u00e9gique du nord-est de l&rsquo;Italie. Le projet fait partie d&rsquo;un r\u00e9seau europ\u00e9en d&rsquo;aires de stationnement s\u00e9curis\u00e9es et confortables pour le transport international, actuellement en cours de d\u00e9veloppement. Il est certifi\u00e9 Gold, conform\u00e9ment aux normes europ\u00e9ennes de qualit\u00e9Continue reading \"Nection Latisana, nouvelle ouverture\"","og_url":"https:\/\/www.nection.eu\/fr\/nection-latisana-nouvelle-ouverture\/","og_site_name":"Nection","article_published_time":"2025-09-03T07:00:27+00:00","og_image":[{"width":1600,"height":1200,"url":"https:\/\/www.nection.eu\/wp-content\/uploads\/2025\/10\/WhatsApp-Image-2025-10-16-at-09.45.11.jpeg","type":"image\/jpeg"}],"author":"Blanca Padrosa","twitter_card":"summary_large_image","twitter_misc":{"\u00c9crit par":"Blanca Padrosa","Dur\u00e9e de lecture estim\u00e9e":"2 minutes"},"schema":{"@context":"https:\/\/schema.org","@graph":[{"@type":"Article","@id":"https:\/\/www.nection.eu\/fr\/nection-latisana-nouvelle-ouverture\/#article","isPartOf":{"@id":"https:\/\/www.nection.eu\/fr\/nection-latisana-nouvelle-ouverture\/"},"author":{"name":"Blanca Padrosa","@id":"https:\/\/www.nection.eu\/fr\/#\/schema\/person\/f5020b265d5d39904f408200688370b4"},"headline":"Nection Latisana, nouvelle ouverture","datePublished":"2025-09-03T07:00:27+00:00","mainEntityOfPage":{"@id":"https:\/\/www.nection.eu\/fr\/nection-latisana-nouvelle-ouverture\/"},"wordCount":332,"commentCount":0,"publisher":{"@id":"https:\/\/www.nection.eu\/fr\/#organization"},"image":{"@id":"https:\/\/www.nection.eu\/fr\/nection-latisana-nouvelle-ouverture\/#primaryimage"},"thumbnailUrl":"https:\/\/www.nection.eu\/wp-content\/uploads\/2025\/10\/WhatsApp-Image-2025-10-16-at-09.45.11.jpeg","articleSection":["Nouvelles ouvertures"],"inLanguage":"fr-FR","potentialAction":[{"@type":"CommentAction","name":"Comment","target":["https:\/\/www.nection.eu\/fr\/nection-latisana-nouvelle-ouverture\/#respond"]}]},{"@type":"WebPage","@id":"https:\/\/www.nection.eu\/fr\/nection-latisana-nouvelle-ouverture\/","url":"https:\/\/www.nection.eu\/fr\/nection-latisana-nouvelle-ouverture\/","name":"Nection Latisana, nouvelle ouverture | Nection","isPartOf":{"@id":"https:\/\/www.nection.eu\/fr\/#website"},"primaryImageOfPage":{"@id":"https:\/\/www.nection.eu\/fr\/nection-latisana-nouvelle-ouverture\/#primaryimage"},"image":{"@id":"https:\/\/www.nection.eu\/fr\/nection-latisana-nouvelle-ouverture\/#primaryimage"},"thumbnailUrl":"https:\/\/www.nection.eu\/wp-content\/uploads\/2025\/10\/WhatsApp-Image-2025-10-16-at-09.45.11.jpeg","datePublished":"2025-09-03T07:00:27+00:00","breadcrumb":{"@id":"https:\/\/www.nection.eu\/fr\/nection-latisana-nouvelle-ouverture\/#breadcrumb"},"inLanguage":"fr-FR","potentialAction":[{"@type":"ReadAction","target":["https:\/\/www.nection.eu\/fr\/nection-latisana-nouvelle-ouverture\/"]}]},{"@type":"ImageObject","inLanguage":"fr-FR","@id":"https:\/\/www.nection.eu\/fr\/nection-latisana-nouvelle-ouverture\/#primaryimage","url":"https:\/\/www.nection.eu\/wp-content\/uploads\/2025\/10\/WhatsApp-Image-2025-10-16-at-09.45.11.jpeg","contentUrl":"https:\/\/www.nection.eu\/wp-content\/uploads\/2025\/10\/WhatsApp-Image-2025-10-16-at-09.45.11.jpeg","width":1600,"height":1200,"caption":"nection Latisana"},{"@type":"BreadcrumbList","@id":"https:\/\/www.nection.eu\/fr\/nection-latisana-nouvelle-ouverture\/#breadcrumb","itemListElement":[{"@type":"ListItem","position":1,"name":"Portada","item":"https:\/\/www.nection.eu\/fr\/home\/"},{"@type":"ListItem","position":2,"name":"Nection Latisana, nouvelle ouverture"}]},{"@type":"WebSite","@id":"https:\/\/www.nection.eu\/fr\/#website","url":"https:\/\/www.nection.eu\/fr\/","name":"Nection","description":"Espacios seguros para un transporte eficiente","publisher":{"@id":"https:\/\/www.nection.eu\/fr\/#organization"},"potentialAction":[{"@type":"SearchAction","target":{"@type":"EntryPoint","urlTemplate":"https:\/\/www.nection.eu\/fr\/?s={search_term_string}"},"query-input":{"@type":"PropertyValueSpecification","valueRequired":true,"valueName":"search_term_string"}}],"inLanguage":"fr-FR"},{"@type":"Organization","@id":"https:\/\/www.nection.eu\/fr\/#organization","name":"Nection","alternateName":"Nection","url":"https:\/\/www.nection.eu\/fr\/","logo":{"@type":"ImageObject","inLanguage":"fr-FR","@id":"https:\/\/www.nection.eu\/fr\/#\/schema\/logo\/image\/","url":"https:\/\/www.nection.eu\/wp-content\/uploads\/2025\/05\/nection_favicon_2.png","contentUrl":"https:\/\/www.nection.eu\/wp-content\/uploads\/2025\/05\/nection_favicon_2.png","width":512,"height":512,"caption":"Nection"},"image":{"@id":"https:\/\/www.nection.eu\/fr\/#\/schema\/logo\/image\/"}},{"@type":"Person","@id":"https:\/\/www.nection.eu\/fr\/#\/schema\/person\/f5020b265d5d39904f408200688370b4","name":"Blanca Padrosa","image":{"@type":"ImageObject","inLanguage":"fr-FR","@id":"https:\/\/www.nection.eu\/fr\/#\/schema\/person\/image\/","url":"https:\/\/secure.gravatar.com\/avatar\/71f14483c9aedc91858bbed4e1aff0f6f656a03f004467f5c8546748bb99470f?s=96&d=mm&r=g","contentUrl":"https:\/\/secure.gravatar.com\/avatar\/71f14483c9aedc91858bbed4e1aff0f6f656a03f004467f5c8546748bb99470f?s=96&d=mm&r=g","caption":"Blanca Padrosa"},"sameAs":["https:\/\/www.nection.eu\/"]}]}},"_links":{"self":[{"href":"https:\/\/www.nection.eu\/fr\/wp-json\/wp\/v2\/posts\/3853","targetHints":{"allow":["GET"]}}],"collection":[{"href":"https:\/\/www.nection.eu\/fr\/wp-json\/wp\/v2\/posts"}],"about":[{"href":"https:\/\/www.nection.eu\/fr\/wp-json\/wp\/v2\/types\/post"}],"author":[{"embeddable":true,"href":"https:\/\/www.nection.eu\/fr\/wp-json\/wp\/v2\/users\/6"}],"replies":[{"embeddable":true,"href":"https:\/\/www.nection.eu\/fr\/wp-json\/wp\/v2\/comments?post=3853"}],"version-history":[{"count":0,"href":"https:\/\/www.nection.eu\/fr\/wp-json\/wp\/v2\/posts\/3853\/revisions"}],"wp:featuredmedia":[{"embeddable":true,"href":"https:\/\/www.nection.eu\/fr\/wp-json\/wp\/v2\/media\/3563"}],"wp:attachment":[{"href":"https:\/\/www.nection.eu\/fr\/wp-json\/wp\/v2\/media?parent=3853"}],"wp:term":[{"taxonomy":"category","embeddable":true,"href":"https:\/\/www.nection.eu\/fr\/wp-json\/wp\/v2\/categories?post=3853"},{"taxonomy":"post_tag","embeddable":true,"href":"https:\/\/www.nection.eu\/fr\/wp-json\/wp\/v2\/tags?post=3853"}],"curies":[{"name":"wp","href":"https:\/\/api.w.org\/{rel}","templated":true}]}}