{"id":3852,"date":"2025-11-21T09:00:52","date_gmt":"2025-11-21T08:00:52","guid":{"rendered":"https:\/\/www.nection.eu\/prix-il-logistico-dellanno-2025\/"},"modified":"2025-11-21T09:00:52","modified_gmt":"2025-11-21T08:00:52","slug":"prix-il-logistico-dellanno-2025","status":"publish","type":"post","link":"https:\/\/www.nection.eu\/fr\/prix-il-logistico-dellanno-2025\/","title":{"rendered":"Prix Il Logistico dell&rsquo;Anno 2025"},"content":{"rendered":"<p><span style=\"font-size: 12pt;\">Nous sommes heureux d&rsquo;annoncer que Kontractor by Kopron &#8211; General Contractor et TP Network ont remport\u00e9 le prix \u00ab Il Log\u00edstico dell&rsquo;Anno 2025 \u00bb pour le projet NECTION by Padrosa. Le prix a \u00e9t\u00e9 d\u00e9cern\u00e9 dans la cat\u00e9gorie \u00ab Innovation dans le domaine ESG \u00bb. <\/span><\/p>\n<p><span style=\"font-size: 12pt;\">Nection es mucho m\u00e1s que un aparcamiento: es un parking vigilado para veh\u00edculos pesados, dise\u00f1ado bajo los est\u00e1ndares europeos SSTPA \u2013 nivel GOLD, con aparcamiento y servicios pensados para el transportista. <\/span><\/p>\n<p><span style=\"font-size: 12pt;\">Cette reconnaissance, d\u00e9cern\u00e9e par ASSOLOGISTICA et Euromerci, renforce notre engagement en faveur de solutions alliant s\u00e9curit\u00e9, durabilit\u00e9 et efficacit\u00e9 dans la cha\u00eene logistique. <\/span><br \/>\n<span style=\"font-size: 12pt;\">Le prix a \u00e9t\u00e9 remis \u00e0 Simone Pellegrini, chef de projet chez Kontractor, et Ilaria Pasta, responsable marketing et communication, en pr\u00e9sence de Pere Padrosa Pierre, pr\u00e9sident du groupe Padrosa.<\/span><\/p>\n<p><span style=\"font-size: 12pt;\">Ce projet a b\u00e9n\u00e9fici\u00e9 du soutien de l&rsquo;Union europ\u00e9enne dans le cadre du programme Connecting Europe Facility (CEF), qui promeut les infrastructures cl\u00e9s pour l&rsquo;int\u00e9gration du march\u00e9 unique europ\u00e9en.<\/span><\/p>\n","protected":false},"excerpt":{"rendered":"<p>Nous sommes heureux d&rsquo;annoncer que Kontractor by Kopron &#8211; General Contractor et TP Network ont remport\u00e9 le prix \u00ab Il Log\u00edstico dell&rsquo;Anno 2025 \u00bb pour le projet NECTION by Padrosa. Le prix a \u00e9t\u00e9 d\u00e9cern\u00e9 dans la cat\u00e9gorie \u00ab Innovation dans le domaine ESG \u00bb. Nection es mucho m\u00e1s que un aparcamiento: es un parking<a class=\"more-link\" href=\"https:\/\/www.nection.eu\/fr\/prix-il-logistico-dellanno-2025\/\">Continue reading <span class=\"screen-reader-text\">\u00ab\u00a0Prix Il Logistico dell&rsquo;Anno 2025\u00a0\u00bb<\/span><\/a><\/p>\n","protected":false},"author":6,"featured_media":3851,"comment_status":"open","ping_status":"closed","sticky":false,"template":"","format":"standard","meta":{"_acf_changed":false,"footnotes":""},"categories":[65],"tags":[],"class_list":["post-3852","post","type-post","status-publish","format-standard","has-post-thumbnail","hentry","category-mises-a-jour","entry"],"acf":[],"yoast_head":"<!-- This site is optimized with the Yoast SEO plugin v26.9 - https:\/\/yoast.com\/product\/yoast-seo-wordpress\/ -->\n<title>Prix Il Logistico dell&#039;Anno 2025 | Nection<\/title>\n<meta name=\"robots\" content=\"index, follow, max-snippet:-1, max-image-preview:large, max-video-preview:-1\" \/>\n<link rel=\"canonical\" href=\"https:\/\/www.nection.eu\/fr\/prix-il-logistico-dellanno-2025\/\" \/>\n<meta property=\"og:locale\" content=\"fr_FR\" \/>\n<meta property=\"og:type\" content=\"article\" \/>\n<meta property=\"og:title\" content=\"Prix Il Logistico dell&#039;Anno 2025 | Nection\" \/>\n<meta property=\"og:description\" content=\"Nous sommes heureux d&rsquo;annoncer que Kontractor by Kopron &#8211; General Contractor et TP Network ont remport\u00e9 le prix \u00ab Il Log\u00edstico dell&rsquo;Anno 2025 \u00bb pour le projet NECTION by Padrosa. Le prix a \u00e9t\u00e9 d\u00e9cern\u00e9 dans la cat\u00e9gorie \u00ab Innovation dans le domaine ESG \u00bb. Nection es mucho m\u00e1s que un aparcamiento: es un parkingContinue reading &quot;Prix Il Logistico dell&rsquo;Anno 2025&quot;\" \/>\n<meta property=\"og:url\" content=\"https:\/\/www.nection.eu\/fr\/prix-il-logistico-dellanno-2025\/\" \/>\n<meta property=\"og:site_name\" content=\"Nection\" \/>\n<meta property=\"article:published_time\" content=\"2025-11-21T08:00:52+00:00\" \/>\n<meta property=\"og:image\" content=\"https:\/\/www.nection.eu\/wp-content\/uploads\/2025\/12\/1763733088497.jpeg\" \/>\n\t<meta property=\"og:image:width\" content=\"1600\" \/>\n\t<meta property=\"og:image:height\" content=\"900\" \/>\n\t<meta property=\"og:image:type\" content=\"image\/jpeg\" \/>\n<meta name=\"author\" content=\"Blanca Padrosa\" \/>\n<meta name=\"twitter:card\" content=\"summary_large_image\" \/>\n<meta name=\"twitter:label1\" content=\"\u00c9crit par\" \/>\n\t<meta name=\"twitter:data1\" content=\"Blanca Padrosa\" \/>\n\t<meta name=\"twitter:label2\" content=\"Dur\u00e9e de lecture estim\u00e9e\" \/>\n\t<meta name=\"twitter:data2\" content=\"1 minute\" \/>\n<script type=\"application\/ld+json\" class=\"yoast-schema-graph\">{\"@context\":\"https:\/\/schema.org\",\"@graph\":[{\"@type\":\"Article\",\"@id\":\"https:\/\/www.nection.eu\/fr\/prix-il-logistico-dellanno-2025\/#article\",\"isPartOf\":{\"@id\":\"https:\/\/www.nection.eu\/fr\/prix-il-logistico-dellanno-2025\/\"},\"author\":{\"name\":\"Blanca Padrosa\",\"@id\":\"https:\/\/www.nection.eu\/fr\/#\/schema\/person\/f5020b265d5d39904f408200688370b4\"},\"headline\":\"Prix Il Logistico dell&rsquo;Anno 2025\",\"datePublished\":\"2025-11-21T08:00:52+00:00\",\"mainEntityOfPage\":{\"@id\":\"https:\/\/www.nection.eu\/fr\/prix-il-logistico-dellanno-2025\/\"},\"wordCount\":179,\"commentCount\":0,\"publisher\":{\"@id\":\"https:\/\/www.nection.eu\/fr\/#organization\"},\"image\":{\"@id\":\"https:\/\/www.nection.eu\/fr\/prix-il-logistico-dellanno-2025\/#primaryimage\"},\"thumbnailUrl\":\"https:\/\/www.nection.eu\/wp-content\/uploads\/2025\/12\/1763733088497.jpeg\",\"articleSection\":[\"Mises \u00e0 jour\"],\"inLanguage\":\"fr-FR\",\"potentialAction\":[{\"@type\":\"CommentAction\",\"name\":\"Comment\",\"target\":[\"https:\/\/www.nection.eu\/fr\/prix-il-logistico-dellanno-2025\/#respond\"]}]},{\"@type\":\"WebPage\",\"@id\":\"https:\/\/www.nection.eu\/fr\/prix-il-logistico-dellanno-2025\/\",\"url\":\"https:\/\/www.nection.eu\/fr\/prix-il-logistico-dellanno-2025\/\",\"name\":\"Prix Il Logistico dell'Anno 2025 | Nection\",\"isPartOf\":{\"@id\":\"https:\/\/www.nection.eu\/fr\/#website\"},\"primaryImageOfPage\":{\"@id\":\"https:\/\/www.nection.eu\/fr\/prix-il-logistico-dellanno-2025\/#primaryimage\"},\"image\":{\"@id\":\"https:\/\/www.nection.eu\/fr\/prix-il-logistico-dellanno-2025\/#primaryimage\"},\"thumbnailUrl\":\"https:\/\/www.nection.eu\/wp-content\/uploads\/2025\/12\/1763733088497.jpeg\",\"datePublished\":\"2025-11-21T08:00:52+00:00\",\"breadcrumb\":{\"@id\":\"https:\/\/www.nection.eu\/fr\/prix-il-logistico-dellanno-2025\/#breadcrumb\"},\"inLanguage\":\"fr-FR\",\"potentialAction\":[{\"@type\":\"ReadAction\",\"target\":[\"https:\/\/www.nection.eu\/fr\/prix-il-logistico-dellanno-2025\/\"]}]},{\"@type\":\"ImageObject\",\"inLanguage\":\"fr-FR\",\"@id\":\"https:\/\/www.nection.eu\/fr\/prix-il-logistico-dellanno-2025\/#primaryimage\",\"url\":\"https:\/\/www.nection.eu\/wp-content\/uploads\/2025\/12\/1763733088497.jpeg\",\"contentUrl\":\"https:\/\/www.nection.eu\/wp-content\/uploads\/2025\/12\/1763733088497.jpeg\",\"width\":1600,\"height\":900},{\"@type\":\"BreadcrumbList\",\"@id\":\"https:\/\/www.nection.eu\/fr\/prix-il-logistico-dellanno-2025\/#breadcrumb\",\"itemListElement\":[{\"@type\":\"ListItem\",\"position\":1,\"name\":\"Portada\",\"item\":\"https:\/\/www.nection.eu\/fr\/home\/\"},{\"@type\":\"ListItem\",\"position\":2,\"name\":\"Prix Il Logistico dell&#8217;Anno 2025\"}]},{\"@type\":\"WebSite\",\"@id\":\"https:\/\/www.nection.eu\/fr\/#website\",\"url\":\"https:\/\/www.nection.eu\/fr\/\",\"name\":\"Nection\",\"description\":\"Espacios seguros para un transporte eficiente\",\"publisher\":{\"@id\":\"https:\/\/www.nection.eu\/fr\/#organization\"},\"potentialAction\":[{\"@type\":\"SearchAction\",\"target\":{\"@type\":\"EntryPoint\",\"urlTemplate\":\"https:\/\/www.nection.eu\/fr\/?s={search_term_string}\"},\"query-input\":{\"@type\":\"PropertyValueSpecification\",\"valueRequired\":true,\"valueName\":\"search_term_string\"}}],\"inLanguage\":\"fr-FR\"},{\"@type\":\"Organization\",\"@id\":\"https:\/\/www.nection.eu\/fr\/#organization\",\"name\":\"Nection\",\"alternateName\":\"Nection\",\"url\":\"https:\/\/www.nection.eu\/fr\/\",\"logo\":{\"@type\":\"ImageObject\",\"inLanguage\":\"fr-FR\",\"@id\":\"https:\/\/www.nection.eu\/fr\/#\/schema\/logo\/image\/\",\"url\":\"https:\/\/www.nection.eu\/wp-content\/uploads\/2025\/05\/nection_favicon_2.png\",\"contentUrl\":\"https:\/\/www.nection.eu\/wp-content\/uploads\/2025\/05\/nection_favicon_2.png\",\"width\":512,\"height\":512,\"caption\":\"Nection\"},\"image\":{\"@id\":\"https:\/\/www.nection.eu\/fr\/#\/schema\/logo\/image\/\"}},{\"@type\":\"Person\",\"@id\":\"https:\/\/www.nection.eu\/fr\/#\/schema\/person\/f5020b265d5d39904f408200688370b4\",\"name\":\"Blanca Padrosa\",\"image\":{\"@type\":\"ImageObject\",\"inLanguage\":\"fr-FR\",\"@id\":\"https:\/\/www.nection.eu\/fr\/#\/schema\/person\/image\/\",\"url\":\"https:\/\/secure.gravatar.com\/avatar\/71f14483c9aedc91858bbed4e1aff0f6f656a03f004467f5c8546748bb99470f?s=96&d=mm&r=g\",\"contentUrl\":\"https:\/\/secure.gravatar.com\/avatar\/71f14483c9aedc91858bbed4e1aff0f6f656a03f004467f5c8546748bb99470f?s=96&d=mm&r=g\",\"caption\":\"Blanca Padrosa\"},\"sameAs\":[\"https:\/\/www.nection.eu\/\"]}]}<\/script>\n<!-- \/ Yoast SEO plugin. -->","yoast_head_json":{"title":"Prix Il Logistico dell'Anno 2025 | Nection","robots":{"index":"index","follow":"follow","max-snippet":"max-snippet:-1","max-image-preview":"max-image-preview:large","max-video-preview":"max-video-preview:-1"},"canonical":"https:\/\/www.nection.eu\/fr\/prix-il-logistico-dellanno-2025\/","og_locale":"fr_FR","og_type":"article","og_title":"Prix Il Logistico dell'Anno 2025 | Nection","og_description":"Nous sommes heureux d&rsquo;annoncer que Kontractor by Kopron &#8211; General Contractor et TP Network ont remport\u00e9 le prix \u00ab Il Log\u00edstico dell&rsquo;Anno 2025 \u00bb pour le projet NECTION by Padrosa. Le prix a \u00e9t\u00e9 d\u00e9cern\u00e9 dans la cat\u00e9gorie \u00ab Innovation dans le domaine ESG \u00bb. Nection es mucho m\u00e1s que un aparcamiento: es un parkingContinue reading \"Prix Il Logistico dell&rsquo;Anno 2025\"","og_url":"https:\/\/www.nection.eu\/fr\/prix-il-logistico-dellanno-2025\/","og_site_name":"Nection","article_published_time":"2025-11-21T08:00:52+00:00","og_image":[{"width":1600,"height":900,"url":"https:\/\/www.nection.eu\/wp-content\/uploads\/2025\/12\/1763733088497.jpeg","type":"image\/jpeg"}],"author":"Blanca Padrosa","twitter_card":"summary_large_image","twitter_misc":{"\u00c9crit par":"Blanca Padrosa","Dur\u00e9e de lecture estim\u00e9e":"1 minute"},"schema":{"@context":"https:\/\/schema.org","@graph":[{"@type":"Article","@id":"https:\/\/www.nection.eu\/fr\/prix-il-logistico-dellanno-2025\/#article","isPartOf":{"@id":"https:\/\/www.nection.eu\/fr\/prix-il-logistico-dellanno-2025\/"},"author":{"name":"Blanca Padrosa","@id":"https:\/\/www.nection.eu\/fr\/#\/schema\/person\/f5020b265d5d39904f408200688370b4"},"headline":"Prix Il Logistico dell&rsquo;Anno 2025","datePublished":"2025-11-21T08:00:52+00:00","mainEntityOfPage":{"@id":"https:\/\/www.nection.eu\/fr\/prix-il-logistico-dellanno-2025\/"},"wordCount":179,"commentCount":0,"publisher":{"@id":"https:\/\/www.nection.eu\/fr\/#organization"},"image":{"@id":"https:\/\/www.nection.eu\/fr\/prix-il-logistico-dellanno-2025\/#primaryimage"},"thumbnailUrl":"https:\/\/www.nection.eu\/wp-content\/uploads\/2025\/12\/1763733088497.jpeg","articleSection":["Mises \u00e0 jour"],"inLanguage":"fr-FR","potentialAction":[{"@type":"CommentAction","name":"Comment","target":["https:\/\/www.nection.eu\/fr\/prix-il-logistico-dellanno-2025\/#respond"]}]},{"@type":"WebPage","@id":"https:\/\/www.nection.eu\/fr\/prix-il-logistico-dellanno-2025\/","url":"https:\/\/www.nection.eu\/fr\/prix-il-logistico-dellanno-2025\/","name":"Prix Il Logistico dell'Anno 2025 | Nection","isPartOf":{"@id":"https:\/\/www.nection.eu\/fr\/#website"},"primaryImageOfPage":{"@id":"https:\/\/www.nection.eu\/fr\/prix-il-logistico-dellanno-2025\/#primaryimage"},"image":{"@id":"https:\/\/www.nection.eu\/fr\/prix-il-logistico-dellanno-2025\/#primaryimage"},"thumbnailUrl":"https:\/\/www.nection.eu\/wp-content\/uploads\/2025\/12\/1763733088497.jpeg","datePublished":"2025-11-21T08:00:52+00:00","breadcrumb":{"@id":"https:\/\/www.nection.eu\/fr\/prix-il-logistico-dellanno-2025\/#breadcrumb"},"inLanguage":"fr-FR","potentialAction":[{"@type":"ReadAction","target":["https:\/\/www.nection.eu\/fr\/prix-il-logistico-dellanno-2025\/"]}]},{"@type":"ImageObject","inLanguage":"fr-FR","@id":"https:\/\/www.nection.eu\/fr\/prix-il-logistico-dellanno-2025\/#primaryimage","url":"https:\/\/www.nection.eu\/wp-content\/uploads\/2025\/12\/1763733088497.jpeg","contentUrl":"https:\/\/www.nection.eu\/wp-content\/uploads\/2025\/12\/1763733088497.jpeg","width":1600,"height":900},{"@type":"BreadcrumbList","@id":"https:\/\/www.nection.eu\/fr\/prix-il-logistico-dellanno-2025\/#breadcrumb","itemListElement":[{"@type":"ListItem","position":1,"name":"Portada","item":"https:\/\/www.nection.eu\/fr\/home\/"},{"@type":"ListItem","position":2,"name":"Prix Il Logistico dell&#8217;Anno 2025"}]},{"@type":"WebSite","@id":"https:\/\/www.nection.eu\/fr\/#website","url":"https:\/\/www.nection.eu\/fr\/","name":"Nection","description":"Espacios seguros para un transporte eficiente","publisher":{"@id":"https:\/\/www.nection.eu\/fr\/#organization"},"potentialAction":[{"@type":"SearchAction","target":{"@type":"EntryPoint","urlTemplate":"https:\/\/www.nection.eu\/fr\/?s={search_term_string}"},"query-input":{"@type":"PropertyValueSpecification","valueRequired":true,"valueName":"search_term_string"}}],"inLanguage":"fr-FR"},{"@type":"Organization","@id":"https:\/\/www.nection.eu\/fr\/#organization","name":"Nection","alternateName":"Nection","url":"https:\/\/www.nection.eu\/fr\/","logo":{"@type":"ImageObject","inLanguage":"fr-FR","@id":"https:\/\/www.nection.eu\/fr\/#\/schema\/logo\/image\/","url":"https:\/\/www.nection.eu\/wp-content\/uploads\/2025\/05\/nection_favicon_2.png","contentUrl":"https:\/\/www.nection.eu\/wp-content\/uploads\/2025\/05\/nection_favicon_2.png","width":512,"height":512,"caption":"Nection"},"image":{"@id":"https:\/\/www.nection.eu\/fr\/#\/schema\/logo\/image\/"}},{"@type":"Person","@id":"https:\/\/www.nection.eu\/fr\/#\/schema\/person\/f5020b265d5d39904f408200688370b4","name":"Blanca Padrosa","image":{"@type":"ImageObject","inLanguage":"fr-FR","@id":"https:\/\/www.nection.eu\/fr\/#\/schema\/person\/image\/","url":"https:\/\/secure.gravatar.com\/avatar\/71f14483c9aedc91858bbed4e1aff0f6f656a03f004467f5c8546748bb99470f?s=96&d=mm&r=g","contentUrl":"https:\/\/secure.gravatar.com\/avatar\/71f14483c9aedc91858bbed4e1aff0f6f656a03f004467f5c8546748bb99470f?s=96&d=mm&r=g","caption":"Blanca Padrosa"},"sameAs":["https:\/\/www.nection.eu\/"]}]}},"_links":{"self":[{"href":"https:\/\/www.nection.eu\/fr\/wp-json\/wp\/v2\/posts\/3852","targetHints":{"allow":["GET"]}}],"collection":[{"href":"https:\/\/www.nection.eu\/fr\/wp-json\/wp\/v2\/posts"}],"about":[{"href":"https:\/\/www.nection.eu\/fr\/wp-json\/wp\/v2\/types\/post"}],"author":[{"embeddable":true,"href":"https:\/\/www.nection.eu\/fr\/wp-json\/wp\/v2\/users\/6"}],"replies":[{"embeddable":true,"href":"https:\/\/www.nection.eu\/fr\/wp-json\/wp\/v2\/comments?post=3852"}],"version-history":[{"count":0,"href":"https:\/\/www.nection.eu\/fr\/wp-json\/wp\/v2\/posts\/3852\/revisions"}],"wp:featuredmedia":[{"embeddable":true,"href":"https:\/\/www.nection.eu\/fr\/wp-json\/wp\/v2\/media\/3851"}],"wp:attachment":[{"href":"https:\/\/www.nection.eu\/fr\/wp-json\/wp\/v2\/media?parent=3852"}],"wp:term":[{"taxonomy":"category","embeddable":true,"href":"https:\/\/www.nection.eu\/fr\/wp-json\/wp\/v2\/categories?post=3852"},{"taxonomy":"post_tag","embeddable":true,"href":"https:\/\/www.nection.eu\/fr\/wp-json\/wp\/v2\/tags?post=3852"}],"curies":[{"name":"wp","href":"https:\/\/api.w.org\/{rel}","templated":true}]}}