{"id":3849,"date":"2026-01-05T15:51:41","date_gmt":"2026-01-05T14:51:41","guid":{"rendered":"https:\/\/www.nection.eu\/le-restaurant-t-klaverhuys-ouvre-ses-portes-a-moerdijk\/"},"modified":"2026-01-05T15:51:41","modified_gmt":"2026-01-05T14:51:41","slug":"le-restaurant-t-klaverhuys-ouvre-ses-portes-a-moerdijk","status":"publish","type":"post","link":"https:\/\/www.nection.eu\/fr\/le-restaurant-t-klaverhuys-ouvre-ses-portes-a-moerdijk\/","title":{"rendered":"Le restaurant &lsquo;t Klaverhuys ouvre ses portes \u00e0 Moerdijk"},"content":{"rendered":"<p>Le 2 janvier 2026, le restaurant &lsquo;t Klaverhuys ouvrira officiellement ses portes \u00e0 Moerdijk, renfor\u00e7ant ainsi son offre de services dans un emplacement strat\u00e9gique \u00e0 proximit\u00e9 des axes logistiques A16 et A17, qui relient les ports de Rotterdam et d&rsquo;Anvers.<\/p>\n<p>Le restaurant, qui accueille aussi bien le grand public que les professionnels du transport routier, sera \u00e9galement exploit\u00e9 sous le nom de Truck-Inn A16, un nom qui s&rsquo;adresse sp\u00e9cifiquement aux camionneurs qui transitent quotidiennement par cette importante zone de transport europ\u00e9enne.<\/p>\n<p>L&rsquo;ouverture de &lsquo;t Klaverhuys est une \u00e9tape importante dans le d\u00e9veloppement du projet Moerdijk de Padrosa Management, dont l&rsquo;objectif est de cr\u00e9er des services et des espaces de haute qualit\u00e9 qui am\u00e9liorent le repos, le service et le bien-\u00eatre des conducteurs professionnels, tout en les int\u00e9grant dans l&rsquo;environnement local.<br \/>\nLe restaurant propose une offre gastronomique adapt\u00e9e aux besoins de tous les utilisateurs, avec des horaires d&rsquo;ouverture adapt\u00e9s, une accessibilit\u00e9 pour les poids lourds et une ambiance confortable pour les courts s\u00e9jours comme pour les pauses plus longues.<\/p>\n<p>Vous trouverez plus d&rsquo;informations sur le restaurant <a href=\"http:\/\/www.restaurantklaverhuys.nl\">ici<\/a>.<\/p>\n<p>Le parking pour camions sera op\u00e9rationnel \u00e0 partir du deuxi\u00e8me trimestre 2026 et sera g\u00e9r\u00e9 par Padrosa Management. Il fait partie de l&rsquo;\u00e9cosyst\u00e8me de services con\u00e7u pour le d\u00e9veloppement de la r\u00e9gion de Moerdijk. <\/p>\n<p>Avec cette ouverture, Moerdijk renforce son r\u00f4le de r\u00e9f\u00e9rence en mati\u00e8re de logistique internationale en combinant infrastructure, h\u00f4tellerie et services destin\u00e9s \u00e0 am\u00e9liorer l&rsquo;exp\u00e9rience du conducteur et \u00e0 accro\u00eetre l&rsquo;efficacit\u00e9 du transport routier.<\/p>\n","protected":false},"excerpt":{"rendered":"<p>Le 2 janvier 2026, le restaurant &lsquo;t Klaverhuys ouvrira officiellement ses portes \u00e0 Moerdijk, renfor\u00e7ant ainsi son offre de services dans un emplacement strat\u00e9gique \u00e0 proximit\u00e9 des axes logistiques A16 et A17, qui relient les ports de Rotterdam et d&rsquo;Anvers. Le restaurant, qui accueille aussi bien le grand public que les professionnels du transport routier,<a class=\"more-link\" href=\"https:\/\/www.nection.eu\/fr\/le-restaurant-t-klaverhuys-ouvre-ses-portes-a-moerdijk\/\">Continue reading <span class=\"screen-reader-text\">\u00ab\u00a0Le restaurant &lsquo;t Klaverhuys ouvre ses portes \u00e0 Moerdijk\u00a0\u00bb<\/span><\/a><\/p>\n","protected":false},"author":6,"featured_media":3691,"comment_status":"open","ping_status":"closed","sticky":false,"template":"","format":"standard","meta":{"_acf_changed":false,"footnotes":""},"categories":[64],"tags":[],"class_list":["post-3849","post","type-post","status-publish","format-standard","has-post-thumbnail","hentry","category-nouvelles-ouvertures","entry"],"acf":[],"yoast_head":"<!-- This site is optimized with the Yoast SEO plugin v26.9 - https:\/\/yoast.com\/product\/yoast-seo-wordpress\/ -->\n<title>Le restaurant &#039;t Klaverhuys ouvre ses portes \u00e0 Moerdijk | Nection<\/title>\n<meta name=\"robots\" content=\"index, follow, max-snippet:-1, max-image-preview:large, max-video-preview:-1\" \/>\n<link rel=\"canonical\" href=\"https:\/\/www.nection.eu\/fr\/le-restaurant-t-klaverhuys-ouvre-ses-portes-a-moerdijk\/\" \/>\n<meta property=\"og:locale\" content=\"fr_FR\" \/>\n<meta property=\"og:type\" content=\"article\" \/>\n<meta property=\"og:title\" content=\"Le restaurant &#039;t Klaverhuys ouvre ses portes \u00e0 Moerdijk | Nection\" \/>\n<meta property=\"og:description\" content=\"Le 2 janvier 2026, le restaurant &lsquo;t Klaverhuys ouvrira officiellement ses portes \u00e0 Moerdijk, renfor\u00e7ant ainsi son offre de services dans un emplacement strat\u00e9gique \u00e0 proximit\u00e9 des axes logistiques A16 et A17, qui relient les ports de Rotterdam et d&rsquo;Anvers. Le restaurant, qui accueille aussi bien le grand public que les professionnels du transport routier,Continue reading &quot;Le restaurant &lsquo;t Klaverhuys ouvre ses portes \u00e0 Moerdijk&quot;\" \/>\n<meta property=\"og:url\" content=\"https:\/\/www.nection.eu\/fr\/le-restaurant-t-klaverhuys-ouvre-ses-portes-a-moerdijk\/\" \/>\n<meta property=\"og:site_name\" content=\"Nection\" \/>\n<meta property=\"article:published_time\" content=\"2026-01-05T14:51:41+00:00\" \/>\n<meta property=\"og:image\" content=\"https:\/\/www.nection.eu\/wp-content\/uploads\/2026\/01\/Captura-de-pantalla-2026-01-05-115609.png\" \/>\n\t<meta property=\"og:image:width\" content=\"795\" \/>\n\t<meta property=\"og:image:height\" content=\"591\" \/>\n\t<meta property=\"og:image:type\" content=\"image\/png\" \/>\n<meta name=\"author\" content=\"Blanca Padrosa\" \/>\n<meta name=\"twitter:card\" content=\"summary_large_image\" \/>\n<meta name=\"twitter:label1\" content=\"\u00c9crit par\" \/>\n\t<meta name=\"twitter:data1\" content=\"Blanca Padrosa\" \/>\n\t<meta name=\"twitter:label2\" content=\"Dur\u00e9e de lecture estim\u00e9e\" \/>\n\t<meta name=\"twitter:data2\" content=\"1 minute\" \/>\n<script type=\"application\/ld+json\" class=\"yoast-schema-graph\">{\"@context\":\"https:\/\/schema.org\",\"@graph\":[{\"@type\":\"Article\",\"@id\":\"https:\/\/www.nection.eu\/fr\/le-restaurant-t-klaverhuys-ouvre-ses-portes-a-moerdijk\/#article\",\"isPartOf\":{\"@id\":\"https:\/\/www.nection.eu\/fr\/le-restaurant-t-klaverhuys-ouvre-ses-portes-a-moerdijk\/\"},\"author\":{\"name\":\"Blanca Padrosa\",\"@id\":\"https:\/\/www.nection.eu\/fr\/#\/schema\/person\/f5020b265d5d39904f408200688370b4\"},\"headline\":\"Le restaurant &lsquo;t Klaverhuys ouvre ses portes \u00e0 Moerdijk\",\"datePublished\":\"2026-01-05T14:51:41+00:00\",\"mainEntityOfPage\":{\"@id\":\"https:\/\/www.nection.eu\/fr\/le-restaurant-t-klaverhuys-ouvre-ses-portes-a-moerdijk\/\"},\"wordCount\":281,\"commentCount\":0,\"publisher\":{\"@id\":\"https:\/\/www.nection.eu\/fr\/#organization\"},\"image\":{\"@id\":\"https:\/\/www.nection.eu\/fr\/le-restaurant-t-klaverhuys-ouvre-ses-portes-a-moerdijk\/#primaryimage\"},\"thumbnailUrl\":\"https:\/\/www.nection.eu\/wp-content\/uploads\/2026\/01\/Captura-de-pantalla-2026-01-05-115609-e1768998571689.png\",\"articleSection\":[\"Nouvelles ouvertures\"],\"inLanguage\":\"fr-FR\",\"potentialAction\":[{\"@type\":\"CommentAction\",\"name\":\"Comment\",\"target\":[\"https:\/\/www.nection.eu\/fr\/le-restaurant-t-klaverhuys-ouvre-ses-portes-a-moerdijk\/#respond\"]}]},{\"@type\":\"WebPage\",\"@id\":\"https:\/\/www.nection.eu\/fr\/le-restaurant-t-klaverhuys-ouvre-ses-portes-a-moerdijk\/\",\"url\":\"https:\/\/www.nection.eu\/fr\/le-restaurant-t-klaverhuys-ouvre-ses-portes-a-moerdijk\/\",\"name\":\"Le restaurant 't Klaverhuys ouvre ses portes \u00e0 Moerdijk | Nection\",\"isPartOf\":{\"@id\":\"https:\/\/www.nection.eu\/fr\/#website\"},\"primaryImageOfPage\":{\"@id\":\"https:\/\/www.nection.eu\/fr\/le-restaurant-t-klaverhuys-ouvre-ses-portes-a-moerdijk\/#primaryimage\"},\"image\":{\"@id\":\"https:\/\/www.nection.eu\/fr\/le-restaurant-t-klaverhuys-ouvre-ses-portes-a-moerdijk\/#primaryimage\"},\"thumbnailUrl\":\"https:\/\/www.nection.eu\/wp-content\/uploads\/2026\/01\/Captura-de-pantalla-2026-01-05-115609-e1768998571689.png\",\"datePublished\":\"2026-01-05T14:51:41+00:00\",\"breadcrumb\":{\"@id\":\"https:\/\/www.nection.eu\/fr\/le-restaurant-t-klaverhuys-ouvre-ses-portes-a-moerdijk\/#breadcrumb\"},\"inLanguage\":\"fr-FR\",\"potentialAction\":[{\"@type\":\"ReadAction\",\"target\":[\"https:\/\/www.nection.eu\/fr\/le-restaurant-t-klaverhuys-ouvre-ses-portes-a-moerdijk\/\"]}]},{\"@type\":\"ImageObject\",\"inLanguage\":\"fr-FR\",\"@id\":\"https:\/\/www.nection.eu\/fr\/le-restaurant-t-klaverhuys-ouvre-ses-portes-a-moerdijk\/#primaryimage\",\"url\":\"https:\/\/www.nection.eu\/wp-content\/uploads\/2026\/01\/Captura-de-pantalla-2026-01-05-115609-e1768998571689.png\",\"contentUrl\":\"https:\/\/www.nection.eu\/wp-content\/uploads\/2026\/01\/Captura-de-pantalla-2026-01-05-115609-e1768998571689.png\",\"width\":795,\"height\":591},{\"@type\":\"BreadcrumbList\",\"@id\":\"https:\/\/www.nection.eu\/fr\/le-restaurant-t-klaverhuys-ouvre-ses-portes-a-moerdijk\/#breadcrumb\",\"itemListElement\":[{\"@type\":\"ListItem\",\"position\":1,\"name\":\"Portada\",\"item\":\"https:\/\/www.nection.eu\/fr\/home\/\"},{\"@type\":\"ListItem\",\"position\":2,\"name\":\"Le restaurant &#8216;t Klaverhuys ouvre ses portes \u00e0 Moerdijk\"}]},{\"@type\":\"WebSite\",\"@id\":\"https:\/\/www.nection.eu\/fr\/#website\",\"url\":\"https:\/\/www.nection.eu\/fr\/\",\"name\":\"Nection\",\"description\":\"Espacios seguros para un transporte eficiente\",\"publisher\":{\"@id\":\"https:\/\/www.nection.eu\/fr\/#organization\"},\"potentialAction\":[{\"@type\":\"SearchAction\",\"target\":{\"@type\":\"EntryPoint\",\"urlTemplate\":\"https:\/\/www.nection.eu\/fr\/?s={search_term_string}\"},\"query-input\":{\"@type\":\"PropertyValueSpecification\",\"valueRequired\":true,\"valueName\":\"search_term_string\"}}],\"inLanguage\":\"fr-FR\"},{\"@type\":\"Organization\",\"@id\":\"https:\/\/www.nection.eu\/fr\/#organization\",\"name\":\"Nection\",\"alternateName\":\"Nection\",\"url\":\"https:\/\/www.nection.eu\/fr\/\",\"logo\":{\"@type\":\"ImageObject\",\"inLanguage\":\"fr-FR\",\"@id\":\"https:\/\/www.nection.eu\/fr\/#\/schema\/logo\/image\/\",\"url\":\"https:\/\/www.nection.eu\/wp-content\/uploads\/2025\/05\/nection_favicon_2.png\",\"contentUrl\":\"https:\/\/www.nection.eu\/wp-content\/uploads\/2025\/05\/nection_favicon_2.png\",\"width\":512,\"height\":512,\"caption\":\"Nection\"},\"image\":{\"@id\":\"https:\/\/www.nection.eu\/fr\/#\/schema\/logo\/image\/\"}},{\"@type\":\"Person\",\"@id\":\"https:\/\/www.nection.eu\/fr\/#\/schema\/person\/f5020b265d5d39904f408200688370b4\",\"name\":\"Blanca Padrosa\",\"image\":{\"@type\":\"ImageObject\",\"inLanguage\":\"fr-FR\",\"@id\":\"https:\/\/www.nection.eu\/fr\/#\/schema\/person\/image\/\",\"url\":\"https:\/\/secure.gravatar.com\/avatar\/71f14483c9aedc91858bbed4e1aff0f6f656a03f004467f5c8546748bb99470f?s=96&d=mm&r=g\",\"contentUrl\":\"https:\/\/secure.gravatar.com\/avatar\/71f14483c9aedc91858bbed4e1aff0f6f656a03f004467f5c8546748bb99470f?s=96&d=mm&r=g\",\"caption\":\"Blanca Padrosa\"},\"sameAs\":[\"https:\/\/www.nection.eu\/\"]}]}<\/script>\n<!-- \/ Yoast SEO plugin. -->","yoast_head_json":{"title":"Le restaurant 't Klaverhuys ouvre ses portes \u00e0 Moerdijk | Nection","robots":{"index":"index","follow":"follow","max-snippet":"max-snippet:-1","max-image-preview":"max-image-preview:large","max-video-preview":"max-video-preview:-1"},"canonical":"https:\/\/www.nection.eu\/fr\/le-restaurant-t-klaverhuys-ouvre-ses-portes-a-moerdijk\/","og_locale":"fr_FR","og_type":"article","og_title":"Le restaurant 't Klaverhuys ouvre ses portes \u00e0 Moerdijk | Nection","og_description":"Le 2 janvier 2026, le restaurant &lsquo;t Klaverhuys ouvrira officiellement ses portes \u00e0 Moerdijk, renfor\u00e7ant ainsi son offre de services dans un emplacement strat\u00e9gique \u00e0 proximit\u00e9 des axes logistiques A16 et A17, qui relient les ports de Rotterdam et d&rsquo;Anvers. Le restaurant, qui accueille aussi bien le grand public que les professionnels du transport routier,Continue reading \"Le restaurant &lsquo;t Klaverhuys ouvre ses portes \u00e0 Moerdijk\"","og_url":"https:\/\/www.nection.eu\/fr\/le-restaurant-t-klaverhuys-ouvre-ses-portes-a-moerdijk\/","og_site_name":"Nection","article_published_time":"2026-01-05T14:51:41+00:00","og_image":[{"width":795,"height":591,"url":"https:\/\/www.nection.eu\/wp-content\/uploads\/2026\/01\/Captura-de-pantalla-2026-01-05-115609.png","type":"image\/png"}],"author":"Blanca Padrosa","twitter_card":"summary_large_image","twitter_misc":{"\u00c9crit par":"Blanca Padrosa","Dur\u00e9e de lecture estim\u00e9e":"1 minute"},"schema":{"@context":"https:\/\/schema.org","@graph":[{"@type":"Article","@id":"https:\/\/www.nection.eu\/fr\/le-restaurant-t-klaverhuys-ouvre-ses-portes-a-moerdijk\/#article","isPartOf":{"@id":"https:\/\/www.nection.eu\/fr\/le-restaurant-t-klaverhuys-ouvre-ses-portes-a-moerdijk\/"},"author":{"name":"Blanca Padrosa","@id":"https:\/\/www.nection.eu\/fr\/#\/schema\/person\/f5020b265d5d39904f408200688370b4"},"headline":"Le restaurant &lsquo;t Klaverhuys ouvre ses portes \u00e0 Moerdijk","datePublished":"2026-01-05T14:51:41+00:00","mainEntityOfPage":{"@id":"https:\/\/www.nection.eu\/fr\/le-restaurant-t-klaverhuys-ouvre-ses-portes-a-moerdijk\/"},"wordCount":281,"commentCount":0,"publisher":{"@id":"https:\/\/www.nection.eu\/fr\/#organization"},"image":{"@id":"https:\/\/www.nection.eu\/fr\/le-restaurant-t-klaverhuys-ouvre-ses-portes-a-moerdijk\/#primaryimage"},"thumbnailUrl":"https:\/\/www.nection.eu\/wp-content\/uploads\/2026\/01\/Captura-de-pantalla-2026-01-05-115609-e1768998571689.png","articleSection":["Nouvelles ouvertures"],"inLanguage":"fr-FR","potentialAction":[{"@type":"CommentAction","name":"Comment","target":["https:\/\/www.nection.eu\/fr\/le-restaurant-t-klaverhuys-ouvre-ses-portes-a-moerdijk\/#respond"]}]},{"@type":"WebPage","@id":"https:\/\/www.nection.eu\/fr\/le-restaurant-t-klaverhuys-ouvre-ses-portes-a-moerdijk\/","url":"https:\/\/www.nection.eu\/fr\/le-restaurant-t-klaverhuys-ouvre-ses-portes-a-moerdijk\/","name":"Le restaurant 't Klaverhuys ouvre ses portes \u00e0 Moerdijk | Nection","isPartOf":{"@id":"https:\/\/www.nection.eu\/fr\/#website"},"primaryImageOfPage":{"@id":"https:\/\/www.nection.eu\/fr\/le-restaurant-t-klaverhuys-ouvre-ses-portes-a-moerdijk\/#primaryimage"},"image":{"@id":"https:\/\/www.nection.eu\/fr\/le-restaurant-t-klaverhuys-ouvre-ses-portes-a-moerdijk\/#primaryimage"},"thumbnailUrl":"https:\/\/www.nection.eu\/wp-content\/uploads\/2026\/01\/Captura-de-pantalla-2026-01-05-115609-e1768998571689.png","datePublished":"2026-01-05T14:51:41+00:00","breadcrumb":{"@id":"https:\/\/www.nection.eu\/fr\/le-restaurant-t-klaverhuys-ouvre-ses-portes-a-moerdijk\/#breadcrumb"},"inLanguage":"fr-FR","potentialAction":[{"@type":"ReadAction","target":["https:\/\/www.nection.eu\/fr\/le-restaurant-t-klaverhuys-ouvre-ses-portes-a-moerdijk\/"]}]},{"@type":"ImageObject","inLanguage":"fr-FR","@id":"https:\/\/www.nection.eu\/fr\/le-restaurant-t-klaverhuys-ouvre-ses-portes-a-moerdijk\/#primaryimage","url":"https:\/\/www.nection.eu\/wp-content\/uploads\/2026\/01\/Captura-de-pantalla-2026-01-05-115609-e1768998571689.png","contentUrl":"https:\/\/www.nection.eu\/wp-content\/uploads\/2026\/01\/Captura-de-pantalla-2026-01-05-115609-e1768998571689.png","width":795,"height":591},{"@type":"BreadcrumbList","@id":"https:\/\/www.nection.eu\/fr\/le-restaurant-t-klaverhuys-ouvre-ses-portes-a-moerdijk\/#breadcrumb","itemListElement":[{"@type":"ListItem","position":1,"name":"Portada","item":"https:\/\/www.nection.eu\/fr\/home\/"},{"@type":"ListItem","position":2,"name":"Le restaurant &#8216;t Klaverhuys ouvre ses portes \u00e0 Moerdijk"}]},{"@type":"WebSite","@id":"https:\/\/www.nection.eu\/fr\/#website","url":"https:\/\/www.nection.eu\/fr\/","name":"Nection","description":"Espacios seguros para un transporte eficiente","publisher":{"@id":"https:\/\/www.nection.eu\/fr\/#organization"},"potentialAction":[{"@type":"SearchAction","target":{"@type":"EntryPoint","urlTemplate":"https:\/\/www.nection.eu\/fr\/?s={search_term_string}"},"query-input":{"@type":"PropertyValueSpecification","valueRequired":true,"valueName":"search_term_string"}}],"inLanguage":"fr-FR"},{"@type":"Organization","@id":"https:\/\/www.nection.eu\/fr\/#organization","name":"Nection","alternateName":"Nection","url":"https:\/\/www.nection.eu\/fr\/","logo":{"@type":"ImageObject","inLanguage":"fr-FR","@id":"https:\/\/www.nection.eu\/fr\/#\/schema\/logo\/image\/","url":"https:\/\/www.nection.eu\/wp-content\/uploads\/2025\/05\/nection_favicon_2.png","contentUrl":"https:\/\/www.nection.eu\/wp-content\/uploads\/2025\/05\/nection_favicon_2.png","width":512,"height":512,"caption":"Nection"},"image":{"@id":"https:\/\/www.nection.eu\/fr\/#\/schema\/logo\/image\/"}},{"@type":"Person","@id":"https:\/\/www.nection.eu\/fr\/#\/schema\/person\/f5020b265d5d39904f408200688370b4","name":"Blanca Padrosa","image":{"@type":"ImageObject","inLanguage":"fr-FR","@id":"https:\/\/www.nection.eu\/fr\/#\/schema\/person\/image\/","url":"https:\/\/secure.gravatar.com\/avatar\/71f14483c9aedc91858bbed4e1aff0f6f656a03f004467f5c8546748bb99470f?s=96&d=mm&r=g","contentUrl":"https:\/\/secure.gravatar.com\/avatar\/71f14483c9aedc91858bbed4e1aff0f6f656a03f004467f5c8546748bb99470f?s=96&d=mm&r=g","caption":"Blanca Padrosa"},"sameAs":["https:\/\/www.nection.eu\/"]}]}},"_links":{"self":[{"href":"https:\/\/www.nection.eu\/fr\/wp-json\/wp\/v2\/posts\/3849","targetHints":{"allow":["GET"]}}],"collection":[{"href":"https:\/\/www.nection.eu\/fr\/wp-json\/wp\/v2\/posts"}],"about":[{"href":"https:\/\/www.nection.eu\/fr\/wp-json\/wp\/v2\/types\/post"}],"author":[{"embeddable":true,"href":"https:\/\/www.nection.eu\/fr\/wp-json\/wp\/v2\/users\/6"}],"replies":[{"embeddable":true,"href":"https:\/\/www.nection.eu\/fr\/wp-json\/wp\/v2\/comments?post=3849"}],"version-history":[{"count":0,"href":"https:\/\/www.nection.eu\/fr\/wp-json\/wp\/v2\/posts\/3849\/revisions"}],"wp:featuredmedia":[{"embeddable":true,"href":"https:\/\/www.nection.eu\/fr\/wp-json\/wp\/v2\/media\/3691"}],"wp:attachment":[{"href":"https:\/\/www.nection.eu\/fr\/wp-json\/wp\/v2\/media?parent=3849"}],"wp:term":[{"taxonomy":"category","embeddable":true,"href":"https:\/\/www.nection.eu\/fr\/wp-json\/wp\/v2\/categories?post=3849"},{"taxonomy":"post_tag","embeddable":true,"href":"https:\/\/www.nection.eu\/fr\/wp-json\/wp\/v2\/tags?post=3849"}],"curies":[{"name":"wp","href":"https:\/\/api.w.org\/{rel}","templated":true}]}}